{"id":1178,"date":"2024-10-07T19:54:26","date_gmt":"2024-10-07T17:54:26","guid":{"rendered":"https:\/\/legavo.be\/?p=1178"},"modified":"2024-10-07T19:54:54","modified_gmt":"2024-10-07T17:54:54","slug":"toneelvereniging-bestaat-80-jaar","status":"publish","type":"post","link":"https:\/\/legavo.be\/index.php\/2024\/10\/07\/toneelvereniging-bestaat-80-jaar\/","title":{"rendered":"Toneelvereniging bestaat 80 jaar"},"content":{"rendered":"<span class=\"span-reading-time rt-reading-time\" style=\"display: block;\"><span class=\"rt-label rt-prefix\">Leestijd:<\/span> <span class=\"rt-time\"> 3<\/span> <span class=\"rt-label rt-postfix\">minuten<\/span><\/span>\n<h2 class=\"wp-block-heading\">En zelfs op die leeftijd is 80 kaarsjes uitblazen voor de jeugdig-energieke vereniging een fluitje van een cent!<\/h2>\n\n\n\n<p class=\"wp-block-paragraph\">Op zondag 6 oktober vierde <strong>KWB-toneel Ledegem<\/strong> in het Capellehof te Rollegem-Kapelle <strong>het 80-jarig bestaa<\/strong>n. En dat is wel h\u00e9\u00e9\u00e9\u00e9l lang geleden. Uit goed ingelichte bron hebben we vernomen dat daar nog rotstekeningen van zijn.<\/p>\n\n\n\n<div class=\"wp-block-media-text is-stacked-on-mobile\"><figure class=\"wp-block-media-text__media\"><img loading=\"lazy\" decoding=\"async\" width=\"576\" height=\"1024\" src=\"https:\/\/legavo.be\/wp-content\/uploads\/2024\/10\/20241006_121626-1-576x1024.jpg\" alt=\"\" class=\"wp-image-1183 size-full\" srcset=\"https:\/\/legavo.be\/wp-content\/uploads\/2024\/10\/20241006_121626-1-576x1024.jpg 576w, https:\/\/legavo.be\/wp-content\/uploads\/2024\/10\/20241006_121626-1-169x300.jpg 169w, https:\/\/legavo.be\/wp-content\/uploads\/2024\/10\/20241006_121626-1-768x1365.jpg 768w, https:\/\/legavo.be\/wp-content\/uploads\/2024\/10\/20241006_121626-1-864x1536.jpg 864w, https:\/\/legavo.be\/wp-content\/uploads\/2024\/10\/20241006_121626-1-1152x2048.jpg 1152w, https:\/\/legavo.be\/wp-content\/uploads\/2024\/10\/20241006_121626-1-scaled.jpg 1440w\" sizes=\"auto, (max-width: 576px) 100vw, 576px\" \/><\/figure><div class=\"wp-block-media-text__content\">\n<p class=\"wp-block-paragraph\">Voorzitter Bart Hanssens gaf een overzicht van de voorbije 80 jaar met de vele komedies die de revue hadden gepasseerd. Hij haalde ook aan dat er in die jaren 123 acteurs en actrices het beste van zichzelf hadden gegeven en dat er maar twee jaren waren geweest, waarin er geen voorstellingen zijn gehouden. Eentje nog niet zo lang geleden (en we weten allemaal waarom). Maar bovenal dat&#8230; (tromgeroffel en schallende bazuinen) Maryke Sintobin in de bloemen zou worden gezet voor EEN HALVE EEUW inzet voor de vereniging. Ook een delegatie van Opendoek (een organisatie die het theater in de vrije tijd inspireert, faciliteert en ondersteunt) ontbrak niet om Maryke een geschenk te overhandigen.<\/p>\n<\/div><\/div>\n\n\n\n<div class=\"wp-block-media-text is-stacked-on-mobile\"><figure class=\"wp-block-media-text__media\"><img loading=\"lazy\" decoding=\"async\" width=\"576\" height=\"1024\" src=\"https:\/\/legavo.be\/wp-content\/uploads\/2024\/10\/20241006_122103-576x1024.jpg\" alt=\"\" class=\"wp-image-1184 size-full\" srcset=\"https:\/\/legavo.be\/wp-content\/uploads\/2024\/10\/20241006_122103-576x1024.jpg 576w, https:\/\/legavo.be\/wp-content\/uploads\/2024\/10\/20241006_122103-169x300.jpg 169w, https:\/\/legavo.be\/wp-content\/uploads\/2024\/10\/20241006_122103-768x1365.jpg 768w, https:\/\/legavo.be\/wp-content\/uploads\/2024\/10\/20241006_122103-864x1536.jpg 864w, https:\/\/legavo.be\/wp-content\/uploads\/2024\/10\/20241006_122103-1152x2048.jpg 1152w, https:\/\/legavo.be\/wp-content\/uploads\/2024\/10\/20241006_122103-scaled.jpg 1440w\" sizes=\"auto, (max-width: 576px) 100vw, 576px\" \/><\/figure><div class=\"wp-block-media-text__content\">\n<p class=\"wp-block-paragraph\">Een duidelijk verbouwereerde, verbaasde en ontroerde Maryke (we weten dat ze kan acteren, maar dit was niet gespeeld) nam de honneurs waar.<\/p>\n\n\n\n<p class=\"wp-block-paragraph\">De toneelvereniging kiest elk jaar voor een komedie en dat is dit jaar niet anders (en maar goed ook, want anders ligt de sc\u00e8ne, net voor het doek valt, bezaaid met een half dozijn gewelddadig aan hun eind gekomen lijken. Ruim dat achteraf maar eens op.)<\/p>\n\n\n\n<p class=\"wp-block-paragraph\">Bij het stuk van dit jaar staan er heel wat nieuwelingen aan de aftrap. Vandaar voor hen deze wijze raad: &#8220;Wat je ook doet, doe het altijd 100% (tenzij je bloed doneert).<\/p>\n\n\n\n<p class=\"wp-block-paragraph\"><\/p>\n<\/div><\/div>\n\n\n\n<p class=\"wp-block-paragraph\"><\/p>\n\n\n\n<div class=\"wp-block-media-text has-media-on-the-right is-stacked-on-mobile\"><div class=\"wp-block-media-text__content\">\n<p class=\"wp-block-paragraph\">Niets dan glunderende gezichten bij de acteurs en actrices die Maryke Sintobin flankeren.<\/p>\n<\/div><figure class=\"wp-block-media-text__media\"><img loading=\"lazy\" decoding=\"async\" width=\"1024\" height=\"576\" src=\"https:\/\/legavo.be\/wp-content\/uploads\/2024\/10\/20241006_122527-1024x576.jpg\" alt=\"\" class=\"wp-image-1187 size-full\" srcset=\"https:\/\/legavo.be\/wp-content\/uploads\/2024\/10\/20241006_122527-1024x576.jpg 1024w, https:\/\/legavo.be\/wp-content\/uploads\/2024\/10\/20241006_122527-300x169.jpg 300w, https:\/\/legavo.be\/wp-content\/uploads\/2024\/10\/20241006_122527-768x432.jpg 768w, https:\/\/legavo.be\/wp-content\/uploads\/2024\/10\/20241006_122527-1536x864.jpg 1536w, https:\/\/legavo.be\/wp-content\/uploads\/2024\/10\/20241006_122527-2048x1152.jpg 2048w\" sizes=\"auto, (max-width: 1024px) 100vw, 1024px\" \/><\/figure><\/div>\n\n\n\n<div class=\"wp-block-media-text is-stacked-on-mobile\"><figure class=\"wp-block-media-text__media\"><img loading=\"lazy\" decoding=\"async\" width=\"1024\" height=\"576\" src=\"https:\/\/legavo.be\/wp-content\/uploads\/2024\/10\/20241006_122629-1024x576.jpg\" alt=\"\" class=\"wp-image-1189 size-full\" srcset=\"https:\/\/legavo.be\/wp-content\/uploads\/2024\/10\/20241006_122629-1024x576.jpg 1024w, https:\/\/legavo.be\/wp-content\/uploads\/2024\/10\/20241006_122629-300x169.jpg 300w, https:\/\/legavo.be\/wp-content\/uploads\/2024\/10\/20241006_122629-768x432.jpg 768w, https:\/\/legavo.be\/wp-content\/uploads\/2024\/10\/20241006_122629-1536x864.jpg 1536w, https:\/\/legavo.be\/wp-content\/uploads\/2024\/10\/20241006_122629-2048x1152.jpg 2048w\" sizes=\"auto, (max-width: 1024px) 100vw, 1024px\" \/><\/figure><div class=\"wp-block-media-text__content\">\n<p class=\"wp-block-paragraph\">Nog een apart kiekje van de trotse bestuursleden die hun 78-ste toneelstuk (als we goed hebben geteld) hieronder presenteren.<\/p>\n<\/div><\/div>\n\n\n\n<p class=\"wp-block-paragraph\">Met wat duiding over de nieuwe productie 2024:<\/p>\n\n\n\n<p class=\"wp-block-paragraph\"><em>Dit jaar brengt KWB-toneel Ledegem \u2018Pas op voor de kleine\u2019 van Paul<br>Coppens, in een regie van Dirk Claerbout op de planken. Met de helft ervaren acteurs en de<br>andere helft nieuwelingen die voor het eerst op de planken staan, probeert de<br>toneelvereniging het publiek een heel ontspannende avond te bezorgen.<br>Mats Dielens is een bijzondere baby. Hij heeft het M.U.S.H.B.- syndroom. Dat staat voor<br>Mega-Ultra-Super-Hoog-Begaafd. Dat heeft hij zelf uitgevonden. Hij ziet en hoort alles,<br>observeert alles en iedereen, slaat het op in zijn koppeke en verwerkt het. Maar vooral: hij<br>kan het niet laten om commentaar te geven. En hoe!!! Klinkt het niet dan botst het. In zijn<br>eerste levensjaar gebeurt er dan ook heel wat ten huize Dielens. Hij maakt de<br>liefdesperikelen van de grote mensen mee en die zijn best amusant. Mama en papa, oma en<br>opa, de babysit, de vriendinnen van mama\u2026 ze passeren allemaal met hun (geestige)<br>gedragingen de revue. En zelfs als baby moet Mats te gepasten tijde ingrijpen\u2026&nbsp;<\/em><\/p>\n\n\n\n<p class=\"wp-block-paragraph\">Als dat maar niet goed afloopt.<\/p>\n\n\n\n<p class=\"has-light-green-cyan-background-color has-background wp-block-paragraph\"><em><br>Wil je kaarten voor deze sprankelende komedie? Dat kan vanaf 5 oktober. Reserveer dan via<br>gsm 0472 412&nbsp;769 of mail <a href=\"mailto:kwbtoneelledegem@hotmail.com\">kwbtoneelledegem@hotmail.com<\/a>. Voorstellingen op 2, 3, 8, 9 en 10 november. Een kaartje kost 9 euro.<\/em><\/p>\n\n\n\n<p class=\"has-light-green-cyan-background-color has-background wp-block-paragraph\">Meer info? Bel 0496 406549 of mail naar <a href=\"mailto:bahanssens@gmail.com\">bahanssens@gmail.com<\/a><\/p>\n\n\n\n<p class=\"wp-block-paragraph\"><\/p>\n\n\n\n<p class=\"wp-block-paragraph\"><\/p>\n\n\n\n<p class=\"wp-block-paragraph\"><\/p>\n","protected":false},"excerpt":{"rendered":"<p><span class=\"span-reading-time rt-reading-time\" style=\"display: block;\"><span class=\"rt-label rt-prefix\">Leestijd:<\/span> <span class=\"rt-time\"> 3<\/span> <span class=\"rt-label rt-postfix\">minuten<\/span><\/span>En zelfs op die leeftijd is 80 kaarsjes uitblazen voor de jeugdig-energieke vereniging een fluitje<\/p>\n","protected":false},"author":2,"featured_media":1182,"comment_status":"open","ping_status":"open","sticky":false,"template":"","format":"standard","meta":{"footnotes":""},"categories":[9],"tags":[],"class_list":["post-1178","post","type-post","status-publish","format-standard","has-post-thumbnail","hentry","category-nieuws-uit-onze-gemeente"],"aioseo_notices":[],"aioseo_head":"\n\t\t<!-- All in One SEO 5.0.1.1 - aioseo.com -->\n\t<meta name=\"description\" content=\"En zelfs op die leeftijd is 80 kaarsjes uitblazen voor de jeugdig-energieke vereniging een fluitje van een cent! Op zondag 6 oktober vierde KWB-toneel Ledegem in het Capellehof te Rollegem-Kapelle het 80-jarig bestaan. En dat is wel h\u00e9\u00e9\u00e9\u00e9l lang geleden. Uit goed ingelichte bron hebben we vernomen dat daar nog rotstekeningen van zijn. Voorzitter Bart\" \/>\n\t<meta name=\"robots\" content=\"max-image-preview:large\" \/>\n\t<meta name=\"author\" content=\"Erik Den Hert\"\/>\n\t<link rel=\"canonical\" href=\"https:\/\/legavo.be\/index.php\/2024\/10\/07\/toneelvereniging-bestaat-80-jaar\/\" \/>\n\t<meta name=\"generator\" content=\"All in One SEO (AIOSEO) 5.0.1.1\" \/>\n\t\t<meta property=\"og:locale\" content=\"nl_BE\" \/>\n\t\t<meta property=\"og:site_name\" content=\"De Leeghemse Avonturen - Het platteland dat het mijne is (Kezelbergroute)\" \/>\n\t\t<meta property=\"og:type\" content=\"article\" \/>\n\t\t<meta property=\"og:title\" content=\"Toneelvereniging bestaat 80 jaar - De Leeghemse Avonturen\" \/>\n\t\t<meta property=\"og:description\" content=\"En zelfs op die leeftijd is 80 kaarsjes uitblazen voor de jeugdig-energieke vereniging een fluitje van een cent! Op zondag 6 oktober vierde KWB-toneel Ledegem in het Capellehof te Rollegem-Kapelle het 80-jarig bestaan. En dat is wel h\u00e9\u00e9\u00e9\u00e9l lang geleden. Uit goed ingelichte bron hebben we vernomen dat daar nog rotstekeningen van zijn. Voorzitter Bart\" \/>\n\t\t<meta property=\"og:url\" content=\"https:\/\/legavo.be\/index.php\/2024\/10\/07\/toneelvereniging-bestaat-80-jaar\/\" \/>\n\t\t<meta property=\"og:image\" content=\"https:\/\/legavo.be\/wp-content\/uploads\/2024\/01\/cropped-LegavoLogo-5.png\" \/>\n\t\t<meta property=\"og:image:secure_url\" content=\"https:\/\/legavo.be\/wp-content\/uploads\/2024\/01\/cropped-LegavoLogo-5.png\" \/>\n\t\t<meta property=\"article:published_time\" content=\"2024-10-07T17:54:26+00:00\" \/>\n\t\t<meta property=\"article:modified_time\" content=\"2024-10-07T17:54:54+00:00\" \/>\n\t\t<meta property=\"article:publisher\" content=\"https:\/\/www.facebook.com\/profile.php?id=100090896047233\" \/>\n\t\t<meta name=\"twitter:card\" content=\"summary_large_image\" \/>\n\t\t<meta name=\"twitter:title\" content=\"Toneelvereniging bestaat 80 jaar - De Leeghemse Avonturen\" \/>\n\t\t<meta name=\"twitter:description\" content=\"En zelfs op die leeftijd is 80 kaarsjes uitblazen voor de jeugdig-energieke vereniging een fluitje van een cent! Op zondag 6 oktober vierde KWB-toneel Ledegem in het Capellehof te Rollegem-Kapelle het 80-jarig bestaan. En dat is wel h\u00e9\u00e9\u00e9\u00e9l lang geleden. Uit goed ingelichte bron hebben we vernomen dat daar nog rotstekeningen van zijn. Voorzitter Bart\" \/>\n\t\t<meta name=\"twitter:image\" content=\"https:\/\/legavo.be\/wp-content\/uploads\/2024\/01\/cropped-LegavoLogo-5.png\" \/>\n\t\t<script type=\"application\/ld+json\" class=\"aioseo-schema\">\n\t\t\t{\"@context\":\"https:\\\/\\\/schema.org\",\"@graph\":[{\"@type\":\"BlogPosting\",\"@id\":\"https:\\\/\\\/legavo.be\\\/index.php\\\/2024\\\/10\\\/07\\\/toneelvereniging-bestaat-80-jaar\\\/#blogposting\",\"name\":\"Toneelvereniging bestaat 80 jaar - De Leeghemse Avonturen\",\"headline\":\"Toneelvereniging bestaat 80 jaar\",\"author\":{\"@id\":\"https:\\\/\\\/legavo.be\\\/index.php\\\/author\\\/erik-den-hert\\\/#author\"},\"publisher\":{\"@id\":\"https:\\\/\\\/legavo.be\\\/#person\"},\"image\":{\"@type\":\"ImageObject\",\"url\":\"https:\\\/\\\/legavo.be\\\/wp-content\\\/uploads\\\/2024\\\/10\\\/20241006_122425-scaled.jpg\",\"width\":2560,\"height\":1440},\"datePublished\":\"2024-10-07T19:54:26+02:00\",\"dateModified\":\"2024-10-07T19:54:54+02:00\",\"inLanguage\":\"nl-BE\",\"commentCount\":1,\"mainEntityOfPage\":{\"@id\":\"https:\\\/\\\/legavo.be\\\/index.php\\\/2024\\\/10\\\/07\\\/toneelvereniging-bestaat-80-jaar\\\/#webpage\"},\"isPartOf\":{\"@id\":\"https:\\\/\\\/legavo.be\\\/index.php\\\/2024\\\/10\\\/07\\\/toneelvereniging-bestaat-80-jaar\\\/#webpage\"},\"articleSection\":\"Nieuws uit onze gemeente\"},{\"@type\":\"BreadcrumbList\",\"@id\":\"https:\\\/\\\/legavo.be\\\/index.php\\\/2024\\\/10\\\/07\\\/toneelvereniging-bestaat-80-jaar\\\/#breadcrumblist\",\"itemListElement\":[{\"@type\":\"ListItem\",\"@id\":\"https:\\\/\\\/legavo.be#listItem\",\"position\":1,\"name\":\"Home\",\"item\":\"https:\\\/\\\/legavo.be\",\"nextItem\":{\"@type\":\"ListItem\",\"@id\":\"https:\\\/\\\/legavo.be\\\/index.php\\\/category\\\/nieuws-uit-onze-gemeente\\\/#listItem\",\"name\":\"Nieuws uit onze gemeente\"}},{\"@type\":\"ListItem\",\"@id\":\"https:\\\/\\\/legavo.be\\\/index.php\\\/category\\\/nieuws-uit-onze-gemeente\\\/#listItem\",\"position\":2,\"name\":\"Nieuws uit onze gemeente\",\"item\":\"https:\\\/\\\/legavo.be\\\/index.php\\\/category\\\/nieuws-uit-onze-gemeente\\\/\",\"nextItem\":{\"@type\":\"ListItem\",\"@id\":\"https:\\\/\\\/legavo.be\\\/index.php\\\/2024\\\/10\\\/07\\\/toneelvereniging-bestaat-80-jaar\\\/#listItem\",\"name\":\"Toneelvereniging bestaat 80 jaar\"},\"previousItem\":{\"@type\":\"ListItem\",\"@id\":\"https:\\\/\\\/legavo.be#listItem\",\"name\":\"Home\"}},{\"@type\":\"ListItem\",\"@id\":\"https:\\\/\\\/legavo.be\\\/index.php\\\/2024\\\/10\\\/07\\\/toneelvereniging-bestaat-80-jaar\\\/#listItem\",\"position\":3,\"name\":\"Toneelvereniging bestaat 80 jaar\",\"previousItem\":{\"@type\":\"ListItem\",\"@id\":\"https:\\\/\\\/legavo.be\\\/index.php\\\/category\\\/nieuws-uit-onze-gemeente\\\/#listItem\",\"name\":\"Nieuws uit onze gemeente\"}}]},{\"@type\":\"Person\",\"@id\":\"https:\\\/\\\/legavo.be\\\/#person\",\"name\":\"Erik Den Hert\",\"image\":{\"@type\":\"ImageObject\",\"@id\":\"https:\\\/\\\/legavo.be\\\/index.php\\\/2024\\\/10\\\/07\\\/toneelvereniging-bestaat-80-jaar\\\/#personImage\",\"url\":\"https:\\\/\\\/legavo.be\\\/wp-content\\\/uploads\\\/2023\\\/02\\\/cropped-Profielfoto_Erik-96x96.png\",\"width\":96,\"height\":96,\"caption\":\"Erik Den Hert\"}},{\"@type\":\"Person\",\"@id\":\"https:\\\/\\\/legavo.be\\\/index.php\\\/author\\\/erik-den-hert\\\/#author\",\"url\":\"https:\\\/\\\/legavo.be\\\/index.php\\\/author\\\/erik-den-hert\\\/\",\"name\":\"Erik Den Hert\",\"image\":{\"@type\":\"ImageObject\",\"@id\":\"https:\\\/\\\/legavo.be\\\/index.php\\\/2024\\\/10\\\/07\\\/toneelvereniging-bestaat-80-jaar\\\/#authorImage\",\"url\":\"https:\\\/\\\/legavo.be\\\/wp-content\\\/uploads\\\/2023\\\/02\\\/cropped-Profielfoto_Erik-96x96.png\",\"width\":96,\"height\":96,\"caption\":\"Erik Den Hert\"}},{\"@type\":\"WebPage\",\"@id\":\"https:\\\/\\\/legavo.be\\\/index.php\\\/2024\\\/10\\\/07\\\/toneelvereniging-bestaat-80-jaar\\\/#webpage\",\"url\":\"https:\\\/\\\/legavo.be\\\/index.php\\\/2024\\\/10\\\/07\\\/toneelvereniging-bestaat-80-jaar\\\/\",\"name\":\"Toneelvereniging bestaat 80 jaar - De Leeghemse Avonturen\",\"description\":\"En zelfs op die leeftijd is 80 kaarsjes uitblazen voor de jeugdig-energieke vereniging een fluitje van een cent! Op zondag 6 oktober vierde KWB-toneel Ledegem in het Capellehof te Rollegem-Kapelle het 80-jarig bestaan. En dat is wel h\\u00e9\\u00e9\\u00e9\\u00e9l lang geleden. Uit goed ingelichte bron hebben we vernomen dat daar nog rotstekeningen van zijn. Voorzitter Bart\",\"inLanguage\":\"nl-BE\",\"isPartOf\":{\"@id\":\"https:\\\/\\\/legavo.be\\\/#website\"},\"breadcrumb\":{\"@id\":\"https:\\\/\\\/legavo.be\\\/index.php\\\/2024\\\/10\\\/07\\\/toneelvereniging-bestaat-80-jaar\\\/#breadcrumblist\"},\"author\":{\"@id\":\"https:\\\/\\\/legavo.be\\\/index.php\\\/author\\\/erik-den-hert\\\/#author\"},\"creator\":{\"@id\":\"https:\\\/\\\/legavo.be\\\/index.php\\\/author\\\/erik-den-hert\\\/#author\"},\"image\":{\"@type\":\"ImageObject\",\"url\":\"https:\\\/\\\/legavo.be\\\/wp-content\\\/uploads\\\/2024\\\/10\\\/20241006_122425-scaled.jpg\",\"@id\":\"https:\\\/\\\/legavo.be\\\/index.php\\\/2024\\\/10\\\/07\\\/toneelvereniging-bestaat-80-jaar\\\/#mainImage\",\"width\":2560,\"height\":1440},\"primaryImageOfPage\":{\"@id\":\"https:\\\/\\\/legavo.be\\\/index.php\\\/2024\\\/10\\\/07\\\/toneelvereniging-bestaat-80-jaar\\\/#mainImage\"},\"datePublished\":\"2024-10-07T19:54:26+02:00\",\"dateModified\":\"2024-10-07T19:54:54+02:00\"},{\"@type\":\"WebSite\",\"@id\":\"https:\\\/\\\/legavo.be\\\/#website\",\"url\":\"https:\\\/\\\/legavo.be\\\/\",\"name\":\"De Leeghemse Avonturen\",\"description\":\"Het platteland dat het mijne is (Kezelbergroute)\",\"inLanguage\":\"nl-BE\",\"publisher\":{\"@id\":\"https:\\\/\\\/legavo.be\\\/#person\"}}]}\n\t\t<\/script>\n\t\t<!-- All in One SEO -->\n\n","aioseo_head_json":{"title":"Toneelvereniging bestaat 80 jaar - De Leeghemse Avonturen","description":"En zelfs op die leeftijd is 80 kaarsjes uitblazen voor de jeugdig-energieke vereniging een fluitje van een cent! Op zondag 6 oktober vierde KWB-toneel Ledegem in het Capellehof te Rollegem-Kapelle het 80-jarig bestaan. En dat is wel h\u00e9\u00e9\u00e9\u00e9l lang geleden. Uit goed ingelichte bron hebben we vernomen dat daar nog rotstekeningen van zijn. Voorzitter Bart","canonical_url":"https:\/\/legavo.be\/index.php\/2024\/10\/07\/toneelvereniging-bestaat-80-jaar\/","robots":"max-image-preview:large","keywords":"","webmasterTools":{"miscellaneous":""},"schema":{"@context":"https:\/\/schema.org","@graph":[{"@type":"BlogPosting","@id":"https:\/\/legavo.be\/index.php\/2024\/10\/07\/toneelvereniging-bestaat-80-jaar\/#blogposting","name":"Toneelvereniging bestaat 80 jaar - De Leeghemse Avonturen","headline":"Toneelvereniging bestaat 80 jaar","author":{"@id":"https:\/\/legavo.be\/index.php\/author\/erik-den-hert\/#author"},"publisher":{"@id":"https:\/\/legavo.be\/#person"},"image":{"@type":"ImageObject","url":"https:\/\/legavo.be\/wp-content\/uploads\/2024\/10\/20241006_122425-scaled.jpg","width":2560,"height":1440},"datePublished":"2024-10-07T19:54:26+02:00","dateModified":"2024-10-07T19:54:54+02:00","inLanguage":"nl-BE","commentCount":1,"mainEntityOfPage":{"@id":"https:\/\/legavo.be\/index.php\/2024\/10\/07\/toneelvereniging-bestaat-80-jaar\/#webpage"},"isPartOf":{"@id":"https:\/\/legavo.be\/index.php\/2024\/10\/07\/toneelvereniging-bestaat-80-jaar\/#webpage"},"articleSection":"Nieuws uit onze gemeente"},{"@type":"BreadcrumbList","@id":"https:\/\/legavo.be\/index.php\/2024\/10\/07\/toneelvereniging-bestaat-80-jaar\/#breadcrumblist","itemListElement":[{"@type":"ListItem","@id":"https:\/\/legavo.be#listItem","position":1,"name":"Home","item":"https:\/\/legavo.be","nextItem":{"@type":"ListItem","@id":"https:\/\/legavo.be\/index.php\/category\/nieuws-uit-onze-gemeente\/#listItem","name":"Nieuws uit onze gemeente"}},{"@type":"ListItem","@id":"https:\/\/legavo.be\/index.php\/category\/nieuws-uit-onze-gemeente\/#listItem","position":2,"name":"Nieuws uit onze gemeente","item":"https:\/\/legavo.be\/index.php\/category\/nieuws-uit-onze-gemeente\/","nextItem":{"@type":"ListItem","@id":"https:\/\/legavo.be\/index.php\/2024\/10\/07\/toneelvereniging-bestaat-80-jaar\/#listItem","name":"Toneelvereniging bestaat 80 jaar"},"previousItem":{"@type":"ListItem","@id":"https:\/\/legavo.be#listItem","name":"Home"}},{"@type":"ListItem","@id":"https:\/\/legavo.be\/index.php\/2024\/10\/07\/toneelvereniging-bestaat-80-jaar\/#listItem","position":3,"name":"Toneelvereniging bestaat 80 jaar","previousItem":{"@type":"ListItem","@id":"https:\/\/legavo.be\/index.php\/category\/nieuws-uit-onze-gemeente\/#listItem","name":"Nieuws uit onze gemeente"}}]},{"@type":"Person","@id":"https:\/\/legavo.be\/#person","name":"Erik Den Hert","image":{"@type":"ImageObject","@id":"https:\/\/legavo.be\/index.php\/2024\/10\/07\/toneelvereniging-bestaat-80-jaar\/#personImage","url":"https:\/\/legavo.be\/wp-content\/uploads\/2023\/02\/cropped-Profielfoto_Erik-96x96.png","width":96,"height":96,"caption":"Erik Den Hert"}},{"@type":"Person","@id":"https:\/\/legavo.be\/index.php\/author\/erik-den-hert\/#author","url":"https:\/\/legavo.be\/index.php\/author\/erik-den-hert\/","name":"Erik Den Hert","image":{"@type":"ImageObject","@id":"https:\/\/legavo.be\/index.php\/2024\/10\/07\/toneelvereniging-bestaat-80-jaar\/#authorImage","url":"https:\/\/legavo.be\/wp-content\/uploads\/2023\/02\/cropped-Profielfoto_Erik-96x96.png","width":96,"height":96,"caption":"Erik Den Hert"}},{"@type":"WebPage","@id":"https:\/\/legavo.be\/index.php\/2024\/10\/07\/toneelvereniging-bestaat-80-jaar\/#webpage","url":"https:\/\/legavo.be\/index.php\/2024\/10\/07\/toneelvereniging-bestaat-80-jaar\/","name":"Toneelvereniging bestaat 80 jaar - De Leeghemse Avonturen","description":"En zelfs op die leeftijd is 80 kaarsjes uitblazen voor de jeugdig-energieke vereniging een fluitje van een cent! Op zondag 6 oktober vierde KWB-toneel Ledegem in het Capellehof te Rollegem-Kapelle het 80-jarig bestaan. En dat is wel h\u00e9\u00e9\u00e9\u00e9l lang geleden. Uit goed ingelichte bron hebben we vernomen dat daar nog rotstekeningen van zijn. Voorzitter Bart","inLanguage":"nl-BE","isPartOf":{"@id":"https:\/\/legavo.be\/#website"},"breadcrumb":{"@id":"https:\/\/legavo.be\/index.php\/2024\/10\/07\/toneelvereniging-bestaat-80-jaar\/#breadcrumblist"},"author":{"@id":"https:\/\/legavo.be\/index.php\/author\/erik-den-hert\/#author"},"creator":{"@id":"https:\/\/legavo.be\/index.php\/author\/erik-den-hert\/#author"},"image":{"@type":"ImageObject","url":"https:\/\/legavo.be\/wp-content\/uploads\/2024\/10\/20241006_122425-scaled.jpg","@id":"https:\/\/legavo.be\/index.php\/2024\/10\/07\/toneelvereniging-bestaat-80-jaar\/#mainImage","width":2560,"height":1440},"primaryImageOfPage":{"@id":"https:\/\/legavo.be\/index.php\/2024\/10\/07\/toneelvereniging-bestaat-80-jaar\/#mainImage"},"datePublished":"2024-10-07T19:54:26+02:00","dateModified":"2024-10-07T19:54:54+02:00"},{"@type":"WebSite","@id":"https:\/\/legavo.be\/#website","url":"https:\/\/legavo.be\/","name":"De Leeghemse Avonturen","description":"Het platteland dat het mijne is (Kezelbergroute)","inLanguage":"nl-BE","publisher":{"@id":"https:\/\/legavo.be\/#person"}}]},"og:locale":"nl_BE","og:site_name":"De Leeghemse Avonturen - Het platteland dat het mijne is (Kezelbergroute)","og:type":"article","og:title":"Toneelvereniging bestaat 80 jaar - De Leeghemse Avonturen","og:description":"En zelfs op die leeftijd is 80 kaarsjes uitblazen voor de jeugdig-energieke vereniging een fluitje van een cent! Op zondag 6 oktober vierde KWB-toneel Ledegem in het Capellehof te Rollegem-Kapelle het 80-jarig bestaan. En dat is wel h\u00e9\u00e9\u00e9\u00e9l lang geleden. Uit goed ingelichte bron hebben we vernomen dat daar nog rotstekeningen van zijn. Voorzitter Bart","og:url":"https:\/\/legavo.be\/index.php\/2024\/10\/07\/toneelvereniging-bestaat-80-jaar\/","og:image":"https:\/\/legavo.be\/wp-content\/uploads\/2024\/01\/cropped-LegavoLogo-5.png","og:image:secure_url":"https:\/\/legavo.be\/wp-content\/uploads\/2024\/01\/cropped-LegavoLogo-5.png","article:published_time":"2024-10-07T17:54:26+00:00","article:modified_time":"2024-10-07T17:54:54+00:00","article:publisher":"https:\/\/www.facebook.com\/profile.php?id=100090896047233","twitter:card":"summary_large_image","twitter:title":"Toneelvereniging bestaat 80 jaar - De Leeghemse Avonturen","twitter:description":"En zelfs op die leeftijd is 80 kaarsjes uitblazen voor de jeugdig-energieke vereniging een fluitje van een cent! Op zondag 6 oktober vierde KWB-toneel Ledegem in het Capellehof te Rollegem-Kapelle het 80-jarig bestaan. En dat is wel h\u00e9\u00e9\u00e9\u00e9l lang geleden. Uit goed ingelichte bron hebben we vernomen dat daar nog rotstekeningen van zijn. Voorzitter Bart","twitter:image":"https:\/\/legavo.be\/wp-content\/uploads\/2024\/01\/cropped-LegavoLogo-5.png"},"aioseo_meta_data":{"post_id":"1178","title":null,"description":null,"keywords":null,"keyphrases":{"focus":{"keyphrase":"","score":0,"analysis":{"keyphraseInTitle":{"score":0,"maxScore":9,"error":1}}},"additional":[]},"primary_term":null,"canonical_url":null,"og_title":null,"og_description":null,"og_object_type":"default","og_image_type":"default","og_image_url":null,"og_image_width":null,"og_image_height":null,"og_image_custom_url":null,"og_image_custom_fields":null,"og_video":"","og_custom_url":null,"og_article_section":null,"og_article_tags":null,"twitter_use_og":false,"twitter_card":"default","twitter_image_type":"default","twitter_image_url":null,"twitter_image_custom_url":null,"twitter_image_custom_fields":null,"twitter_title":null,"twitter_description":null,"schema":{"blockGraphs":[],"customGraphs":[],"default":{"data":{"Article":[],"Course":[],"Dataset":[],"FAQPage":[],"Movie":[],"Person":[],"Product":[],"ProductReview":[],"Car":[],"Recipe":[],"Service":[],"SoftwareApplication":[],"WebPage":[]},"graphName":"BlogPosting","isEnabled":true},"graphs":[]},"schema_type":"default","schema_type_options":null,"pillar_content":false,"robots_default":true,"robots_noindex":false,"robots_noarchive":false,"robots_nosnippet":false,"robots_nofollow":false,"robots_noimageindex":false,"robots_noodp":false,"robots_notranslate":false,"robots_max_snippet":"-1","robots_max_videopreview":"-1","robots_max_imagepreview":"large","priority":null,"frequency":"default","local_seo":null,"breadcrumb_settings":null,"limit_modified_date":false,"ai":null,"created":"2024-10-06 13:51:24","updated":"2025-06-05 18:50:24","seo_analyzer_scan_date":null,"focus_keyword":null,"additional_keywords":null,"truseo_locale":null},"aioseo_breadcrumb":"<div class=\"aioseo-breadcrumbs\"><span class=\"aioseo-breadcrumb\">\n\t\t\t<a href=\"https:\/\/legavo.be\" title=\"Home\">Home<\/a>\n\t\t<\/span><span class=\"aioseo-breadcrumb-separator\">&raquo;<\/span><span class=\"aioseo-breadcrumb\">\n\t\t\t<a href=\"https:\/\/legavo.be\/index.php\/category\/nieuws-uit-onze-gemeente\/\" title=\"Nieuws uit onze gemeente\">Nieuws uit onze gemeente<\/a>\n\t\t<\/span><span class=\"aioseo-breadcrumb-separator\">&raquo;<\/span><span class=\"aioseo-breadcrumb\">\n\t\t\tToneelvereniging bestaat 80 jaar\n\t\t<\/span><\/div>","aioseo_breadcrumb_json":[{"label":"Home","link":"https:\/\/legavo.be"},{"label":"Nieuws uit onze gemeente","link":"https:\/\/legavo.be\/index.php\/category\/nieuws-uit-onze-gemeente\/"},{"label":"Toneelvereniging bestaat 80 jaar","link":"https:\/\/legavo.be\/index.php\/2024\/10\/07\/toneelvereniging-bestaat-80-jaar\/"}],"_links":{"self":[{"href":"https:\/\/legavo.be\/index.php\/wp-json\/wp\/v2\/posts\/1178","targetHints":{"allow":["GET"]}}],"collection":[{"href":"https:\/\/legavo.be\/index.php\/wp-json\/wp\/v2\/posts"}],"about":[{"href":"https:\/\/legavo.be\/index.php\/wp-json\/wp\/v2\/types\/post"}],"author":[{"embeddable":true,"href":"https:\/\/legavo.be\/index.php\/wp-json\/wp\/v2\/users\/2"}],"replies":[{"embeddable":true,"href":"https:\/\/legavo.be\/index.php\/wp-json\/wp\/v2\/comments?post=1178"}],"version-history":[{"count":12,"href":"https:\/\/legavo.be\/index.php\/wp-json\/wp\/v2\/posts\/1178\/revisions"}],"predecessor-version":[{"id":1196,"href":"https:\/\/legavo.be\/index.php\/wp-json\/wp\/v2\/posts\/1178\/revisions\/1196"}],"wp:featuredmedia":[{"embeddable":true,"href":"https:\/\/legavo.be\/index.php\/wp-json\/wp\/v2\/media\/1182"}],"wp:attachment":[{"href":"https:\/\/legavo.be\/index.php\/wp-json\/wp\/v2\/media?parent=1178"}],"wp:term":[{"taxonomy":"category","embeddable":true,"href":"https:\/\/legavo.be\/index.php\/wp-json\/wp\/v2\/categories?post=1178"},{"taxonomy":"post_tag","embeddable":true,"href":"https:\/\/legavo.be\/index.php\/wp-json\/wp\/v2\/tags?post=1178"}],"curies":[{"name":"wp","href":"https:\/\/api.w.org\/{rel}","templated":true}]}}