{"id":993,"date":"2024-06-11T11:17:32","date_gmt":"2024-06-11T09:17:32","guid":{"rendered":"https:\/\/legavo.be\/?p=993"},"modified":"2024-06-11T11:20:38","modified_gmt":"2024-06-11T09:20:38","slug":"verkiezingen","status":"publish","type":"post","link":"https:\/\/legavo.be\/index.php\/2024\/06\/11\/verkiezingen\/","title":{"rendered":"Verkiezingen!"},"content":{"rendered":"<span class=\"span-reading-time rt-reading-time\" style=\"display: block;\"><span class=\"rt-label rt-prefix\">Leestijd:<\/span> <span class=\"rt-time\"> 2<\/span> <span class=\"rt-label rt-postfix\">minuten<\/span><\/span>\n<h2 class=\"wp-block-heading\">&#8220;Ik ben in de stemming&#8221;<\/h2>\n\n\n\n<p class=\"wp-block-paragraph\">Zondag 9 juni 2024. Tweede dag van de Batjes in onze geliefde gemeente \u00e9n Vaderkesdag. Bovendien&#8230;op een zeldzaam mooie zonnige dag, al stond er wel een venijnig windje zo werd ons gezegd op het wijnterras van het Davidsfonds. Dat mochten we zelf na drie uur in de namiddag wel ondervinden. Een Italiaans wijntje kon er dan wel in nadat we een dikke zes uur lang een stembureau samen met een vast team hadden bemand en bevrouwd. Daar was een vrolijke Ledegemnaar nog langsgekomen met de woorden &#8220;Ik ben in de stemming!&#8221; En dat waren er wel meer, want de Batjes vielen samen met de verkiezingsdag, waardoor de Ledegemse caf\u00e9s met gemak volliepen (dat doen ze anders ook wel, daar niet van).<\/p>\n\n\n\n<p class=\"wp-block-paragraph\">En natuurlijk moest ik na mijn kies- en burgerplicht ook nog eens naar mijn geprefereerd staminee. Het viel mij op dat het cli\u00ebnteel van een ander pluimage was dan gewoonlijk. Caf\u00e9bazin Babette was daar natuurlijk niet rouwig om: voor haar is vollen bak ook vollen bak. Maar wij, echte stamgasten, waren wel onze vaste stek aan de toog kwijt. En afgezien van Medard (God hebbe zijn ziel) jaren geleden, toen hij na de begrafenis van zijn schoonmoeder de toog abusievelijk voor het pissijn hield, markeert niemand nog op die manier zijn territorium.<\/p>\n\n\n\n<p class=\"wp-block-paragraph\">Ik was nog maar net binnen en de politieke grapjes gingen over en weer. Iemand zei: &#8220;Weet jij wanneer een politieker liegt?&#8221; Zijn gesprekspartner schudde het hoofd. &#8220;Als zijn lippen bewegen&#8221;, zei de eerste weer. Bulderlach alom! Een andere deed zijn duit in het  zakje: &#8220;Weet je wat ik aan die politicus niet kan uitstaan?&#8221; Nu stonden er weer een paar zonder antwoord. &#8220;Zijn gezichten&#8221;, proestte hij uit. Een nieuwe bulderlach steeg op. Een nieuwe toehoorder mengde zich in de gesprekken: &#8220;Ja, politieke grappen,&#8221; mijmerde  hij. &#8220;Weet je wat het ellendige aan politieke grappen is&#8230; dat ze soms minister worden!&#8221; Het dak ging eraf.<\/p>\n\n\n\n<p class=\"wp-block-paragraph\">Ja, verkiezingen. &#8217;t Zijn soms leuke dingen voor de mensen. Maar je kan ook toeren tegenkomen met zo&#8217;n verkiezingen! Zo stond Rustenhove een tiental jaar geleden eens in rep en roer. M\u00e8re sup\u00e9rieure had al naar de veldwachter gebeld. D\u00e9sir\u00e9 Schietgat (89 jaar) was immers uren na het sluiten van de bureaus nog niet terug. Uiteindelijk hebben ze hem gevonden. In \u00e9\u00e9n van de kieshokjes, toen de gemeentewerkers al met de afbraak waren begonnen. Ze hebben hem er met veel moeite en overredingskracht uit kunnen halen&#8230; omdat hij Jean-Luc Dehaene niet meer op het stembiljet had gevonden.<\/p>\n","protected":false},"excerpt":{"rendered":"<p><span class=\"span-reading-time rt-reading-time\" style=\"display: block;\"><span class=\"rt-label rt-prefix\">Leestijd:<\/span> <span class=\"rt-time\"> 2<\/span> <span class=\"rt-label rt-postfix\">minuten<\/span><\/span>&#8220;Ik ben in de stemming&#8221; Zondag 9 juni 2024. Tweede dag van de Batjes in<\/p>\n","protected":false},"author":2,"featured_media":994,"comment_status":"open","ping_status":"open","sticky":false,"template":"","format":"standard","meta":{"footnotes":""},"categories":[2],"tags":[],"class_list":["post-993","post","type-post","status-publish","format-standard","has-post-thumbnail","hentry","category-cafepraat"],"aioseo_notices":[],"aioseo_head":"\n\t\t<!-- All in One SEO 5.0.1.1 - aioseo.com -->\n\t<meta name=\"description\" content=\"&quot;Ik ben in de stemming&quot; Zondag 9 juni 2024. Tweede dag van de Batjes in onze geliefde gemeente \u00e9n Vaderkesdag. Bovendien...op een zeldzaam mooie zonnige dag, al stond er wel een venijnig windje zo werd ons gezegd op het wijnterras van het Davidsfonds. Dat mochten we zelf na drie uur in de namiddag wel ondervinden.\" \/>\n\t<meta name=\"robots\" content=\"max-image-preview:large\" \/>\n\t<meta name=\"author\" content=\"Erik Den Hert\"\/>\n\t<link rel=\"canonical\" href=\"https:\/\/legavo.be\/index.php\/2024\/06\/11\/verkiezingen\/\" \/>\n\t<meta name=\"generator\" content=\"All in One SEO (AIOSEO) 5.0.1.1\" \/>\n\t\t<meta property=\"og:locale\" content=\"nl_BE\" \/>\n\t\t<meta property=\"og:site_name\" content=\"De Leeghemse Avonturen - Het platteland dat het mijne is (Kezelbergroute)\" \/>\n\t\t<meta property=\"og:type\" content=\"article\" \/>\n\t\t<meta property=\"og:title\" content=\"Verkiezingen! - De Leeghemse Avonturen\" \/>\n\t\t<meta property=\"og:description\" content=\"&quot;Ik ben in de stemming&quot; Zondag 9 juni 2024. Tweede dag van de Batjes in onze geliefde gemeente \u00e9n Vaderkesdag. Bovendien...op een zeldzaam mooie zonnige dag, al stond er wel een venijnig windje zo werd ons gezegd op het wijnterras van het Davidsfonds. Dat mochten we zelf na drie uur in de namiddag wel ondervinden.\" \/>\n\t\t<meta property=\"og:url\" content=\"https:\/\/legavo.be\/index.php\/2024\/06\/11\/verkiezingen\/\" \/>\n\t\t<meta property=\"og:image\" content=\"https:\/\/legavo.be\/wp-content\/uploads\/2024\/01\/cropped-LegavoLogo-5.png\" \/>\n\t\t<meta property=\"og:image:secure_url\" content=\"https:\/\/legavo.be\/wp-content\/uploads\/2024\/01\/cropped-LegavoLogo-5.png\" \/>\n\t\t<meta property=\"article:published_time\" content=\"2024-06-11T09:17:32+00:00\" \/>\n\t\t<meta property=\"article:modified_time\" content=\"2024-06-11T09:20:38+00:00\" \/>\n\t\t<meta property=\"article:publisher\" content=\"https:\/\/www.facebook.com\/profile.php?id=100090896047233\" \/>\n\t\t<meta name=\"twitter:card\" content=\"summary_large_image\" \/>\n\t\t<meta name=\"twitter:title\" content=\"Verkiezingen! - De Leeghemse Avonturen\" \/>\n\t\t<meta name=\"twitter:description\" content=\"&quot;Ik ben in de stemming&quot; Zondag 9 juni 2024. Tweede dag van de Batjes in onze geliefde gemeente \u00e9n Vaderkesdag. Bovendien...op een zeldzaam mooie zonnige dag, al stond er wel een venijnig windje zo werd ons gezegd op het wijnterras van het Davidsfonds. Dat mochten we zelf na drie uur in de namiddag wel ondervinden.\" \/>\n\t\t<meta name=\"twitter:image\" content=\"https:\/\/legavo.be\/wp-content\/uploads\/2024\/01\/cropped-LegavoLogo-5.png\" \/>\n\t\t<script type=\"application\/ld+json\" class=\"aioseo-schema\">\n\t\t\t{\"@context\":\"https:\\\/\\\/schema.org\",\"@graph\":[{\"@type\":\"BlogPosting\",\"@id\":\"https:\\\/\\\/legavo.be\\\/index.php\\\/2024\\\/06\\\/11\\\/verkiezingen\\\/#blogposting\",\"name\":\"Verkiezingen! - De Leeghemse Avonturen\",\"headline\":\"Verkiezingen!\",\"author\":{\"@id\":\"https:\\\/\\\/legavo.be\\\/index.php\\\/author\\\/erik-den-hert\\\/#author\"},\"publisher\":{\"@id\":\"https:\\\/\\\/legavo.be\\\/#person\"},\"image\":{\"@type\":\"ImageObject\",\"url\":\"https:\\\/\\\/legavo.be\\\/wp-content\\\/uploads\\\/2024\\\/06\\\/stemhokje2.jpg\",\"width\":1288,\"height\":726},\"datePublished\":\"2024-06-11T11:17:32+02:00\",\"dateModified\":\"2024-06-11T11:20:38+02:00\",\"inLanguage\":\"nl-BE\",\"commentCount\":1,\"mainEntityOfPage\":{\"@id\":\"https:\\\/\\\/legavo.be\\\/index.php\\\/2024\\\/06\\\/11\\\/verkiezingen\\\/#webpage\"},\"isPartOf\":{\"@id\":\"https:\\\/\\\/legavo.be\\\/index.php\\\/2024\\\/06\\\/11\\\/verkiezingen\\\/#webpage\"},\"articleSection\":\"Caf\\u00e9praat\"},{\"@type\":\"BreadcrumbList\",\"@id\":\"https:\\\/\\\/legavo.be\\\/index.php\\\/2024\\\/06\\\/11\\\/verkiezingen\\\/#breadcrumblist\",\"itemListElement\":[{\"@type\":\"ListItem\",\"@id\":\"https:\\\/\\\/legavo.be#listItem\",\"position\":1,\"name\":\"Home\",\"item\":\"https:\\\/\\\/legavo.be\",\"nextItem\":{\"@type\":\"ListItem\",\"@id\":\"https:\\\/\\\/legavo.be\\\/index.php\\\/category\\\/cafepraat\\\/#listItem\",\"name\":\"Caf\\u00e9praat\"}},{\"@type\":\"ListItem\",\"@id\":\"https:\\\/\\\/legavo.be\\\/index.php\\\/category\\\/cafepraat\\\/#listItem\",\"position\":2,\"name\":\"Caf\\u00e9praat\",\"item\":\"https:\\\/\\\/legavo.be\\\/index.php\\\/category\\\/cafepraat\\\/\",\"nextItem\":{\"@type\":\"ListItem\",\"@id\":\"https:\\\/\\\/legavo.be\\\/index.php\\\/2024\\\/06\\\/11\\\/verkiezingen\\\/#listItem\",\"name\":\"Verkiezingen!\"},\"previousItem\":{\"@type\":\"ListItem\",\"@id\":\"https:\\\/\\\/legavo.be#listItem\",\"name\":\"Home\"}},{\"@type\":\"ListItem\",\"@id\":\"https:\\\/\\\/legavo.be\\\/index.php\\\/2024\\\/06\\\/11\\\/verkiezingen\\\/#listItem\",\"position\":3,\"name\":\"Verkiezingen!\",\"previousItem\":{\"@type\":\"ListItem\",\"@id\":\"https:\\\/\\\/legavo.be\\\/index.php\\\/category\\\/cafepraat\\\/#listItem\",\"name\":\"Caf\\u00e9praat\"}}]},{\"@type\":\"Person\",\"@id\":\"https:\\\/\\\/legavo.be\\\/#person\",\"name\":\"Erik Den Hert\",\"image\":{\"@type\":\"ImageObject\",\"@id\":\"https:\\\/\\\/legavo.be\\\/index.php\\\/2024\\\/06\\\/11\\\/verkiezingen\\\/#personImage\",\"url\":\"https:\\\/\\\/legavo.be\\\/wp-content\\\/uploads\\\/2023\\\/02\\\/cropped-Profielfoto_Erik-96x96.png\",\"width\":96,\"height\":96,\"caption\":\"Erik Den Hert\"}},{\"@type\":\"Person\",\"@id\":\"https:\\\/\\\/legavo.be\\\/index.php\\\/author\\\/erik-den-hert\\\/#author\",\"url\":\"https:\\\/\\\/legavo.be\\\/index.php\\\/author\\\/erik-den-hert\\\/\",\"name\":\"Erik Den Hert\",\"image\":{\"@type\":\"ImageObject\",\"@id\":\"https:\\\/\\\/legavo.be\\\/index.php\\\/2024\\\/06\\\/11\\\/verkiezingen\\\/#authorImage\",\"url\":\"https:\\\/\\\/legavo.be\\\/wp-content\\\/uploads\\\/2023\\\/02\\\/cropped-Profielfoto_Erik-96x96.png\",\"width\":96,\"height\":96,\"caption\":\"Erik Den Hert\"}},{\"@type\":\"WebPage\",\"@id\":\"https:\\\/\\\/legavo.be\\\/index.php\\\/2024\\\/06\\\/11\\\/verkiezingen\\\/#webpage\",\"url\":\"https:\\\/\\\/legavo.be\\\/index.php\\\/2024\\\/06\\\/11\\\/verkiezingen\\\/\",\"name\":\"Verkiezingen! - De Leeghemse Avonturen\",\"description\":\"\\\"Ik ben in de stemming\\\" Zondag 9 juni 2024. Tweede dag van de Batjes in onze geliefde gemeente \\u00e9n Vaderkesdag. Bovendien...op een zeldzaam mooie zonnige dag, al stond er wel een venijnig windje zo werd ons gezegd op het wijnterras van het Davidsfonds. Dat mochten we zelf na drie uur in de namiddag wel ondervinden.\",\"inLanguage\":\"nl-BE\",\"isPartOf\":{\"@id\":\"https:\\\/\\\/legavo.be\\\/#website\"},\"breadcrumb\":{\"@id\":\"https:\\\/\\\/legavo.be\\\/index.php\\\/2024\\\/06\\\/11\\\/verkiezingen\\\/#breadcrumblist\"},\"author\":{\"@id\":\"https:\\\/\\\/legavo.be\\\/index.php\\\/author\\\/erik-den-hert\\\/#author\"},\"creator\":{\"@id\":\"https:\\\/\\\/legavo.be\\\/index.php\\\/author\\\/erik-den-hert\\\/#author\"},\"image\":{\"@type\":\"ImageObject\",\"url\":\"https:\\\/\\\/legavo.be\\\/wp-content\\\/uploads\\\/2024\\\/06\\\/stemhokje2.jpg\",\"@id\":\"https:\\\/\\\/legavo.be\\\/index.php\\\/2024\\\/06\\\/11\\\/verkiezingen\\\/#mainImage\",\"width\":1288,\"height\":726},\"primaryImageOfPage\":{\"@id\":\"https:\\\/\\\/legavo.be\\\/index.php\\\/2024\\\/06\\\/11\\\/verkiezingen\\\/#mainImage\"},\"datePublished\":\"2024-06-11T11:17:32+02:00\",\"dateModified\":\"2024-06-11T11:20:38+02:00\"},{\"@type\":\"WebSite\",\"@id\":\"https:\\\/\\\/legavo.be\\\/#website\",\"url\":\"https:\\\/\\\/legavo.be\\\/\",\"name\":\"De Leeghemse Avonturen\",\"description\":\"Het platteland dat het mijne is (Kezelbergroute)\",\"inLanguage\":\"nl-BE\",\"publisher\":{\"@id\":\"https:\\\/\\\/legavo.be\\\/#person\"}}]}\n\t\t<\/script>\n\t\t<!-- All in One SEO -->\n\n","aioseo_head_json":{"title":"Verkiezingen! - De Leeghemse Avonturen","description":"\"Ik ben in de stemming\" Zondag 9 juni 2024. Tweede dag van de Batjes in onze geliefde gemeente \u00e9n Vaderkesdag. Bovendien...op een zeldzaam mooie zonnige dag, al stond er wel een venijnig windje zo werd ons gezegd op het wijnterras van het Davidsfonds. Dat mochten we zelf na drie uur in de namiddag wel ondervinden.","canonical_url":"https:\/\/legavo.be\/index.php\/2024\/06\/11\/verkiezingen\/","robots":"max-image-preview:large","keywords":"","webmasterTools":{"miscellaneous":""},"schema":{"@context":"https:\/\/schema.org","@graph":[{"@type":"BlogPosting","@id":"https:\/\/legavo.be\/index.php\/2024\/06\/11\/verkiezingen\/#blogposting","name":"Verkiezingen! - De Leeghemse Avonturen","headline":"Verkiezingen!","author":{"@id":"https:\/\/legavo.be\/index.php\/author\/erik-den-hert\/#author"},"publisher":{"@id":"https:\/\/legavo.be\/#person"},"image":{"@type":"ImageObject","url":"https:\/\/legavo.be\/wp-content\/uploads\/2024\/06\/stemhokje2.jpg","width":1288,"height":726},"datePublished":"2024-06-11T11:17:32+02:00","dateModified":"2024-06-11T11:20:38+02:00","inLanguage":"nl-BE","commentCount":1,"mainEntityOfPage":{"@id":"https:\/\/legavo.be\/index.php\/2024\/06\/11\/verkiezingen\/#webpage"},"isPartOf":{"@id":"https:\/\/legavo.be\/index.php\/2024\/06\/11\/verkiezingen\/#webpage"},"articleSection":"Caf\u00e9praat"},{"@type":"BreadcrumbList","@id":"https:\/\/legavo.be\/index.php\/2024\/06\/11\/verkiezingen\/#breadcrumblist","itemListElement":[{"@type":"ListItem","@id":"https:\/\/legavo.be#listItem","position":1,"name":"Home","item":"https:\/\/legavo.be","nextItem":{"@type":"ListItem","@id":"https:\/\/legavo.be\/index.php\/category\/cafepraat\/#listItem","name":"Caf\u00e9praat"}},{"@type":"ListItem","@id":"https:\/\/legavo.be\/index.php\/category\/cafepraat\/#listItem","position":2,"name":"Caf\u00e9praat","item":"https:\/\/legavo.be\/index.php\/category\/cafepraat\/","nextItem":{"@type":"ListItem","@id":"https:\/\/legavo.be\/index.php\/2024\/06\/11\/verkiezingen\/#listItem","name":"Verkiezingen!"},"previousItem":{"@type":"ListItem","@id":"https:\/\/legavo.be#listItem","name":"Home"}},{"@type":"ListItem","@id":"https:\/\/legavo.be\/index.php\/2024\/06\/11\/verkiezingen\/#listItem","position":3,"name":"Verkiezingen!","previousItem":{"@type":"ListItem","@id":"https:\/\/legavo.be\/index.php\/category\/cafepraat\/#listItem","name":"Caf\u00e9praat"}}]},{"@type":"Person","@id":"https:\/\/legavo.be\/#person","name":"Erik Den Hert","image":{"@type":"ImageObject","@id":"https:\/\/legavo.be\/index.php\/2024\/06\/11\/verkiezingen\/#personImage","url":"https:\/\/legavo.be\/wp-content\/uploads\/2023\/02\/cropped-Profielfoto_Erik-96x96.png","width":96,"height":96,"caption":"Erik Den Hert"}},{"@type":"Person","@id":"https:\/\/legavo.be\/index.php\/author\/erik-den-hert\/#author","url":"https:\/\/legavo.be\/index.php\/author\/erik-den-hert\/","name":"Erik Den Hert","image":{"@type":"ImageObject","@id":"https:\/\/legavo.be\/index.php\/2024\/06\/11\/verkiezingen\/#authorImage","url":"https:\/\/legavo.be\/wp-content\/uploads\/2023\/02\/cropped-Profielfoto_Erik-96x96.png","width":96,"height":96,"caption":"Erik Den Hert"}},{"@type":"WebPage","@id":"https:\/\/legavo.be\/index.php\/2024\/06\/11\/verkiezingen\/#webpage","url":"https:\/\/legavo.be\/index.php\/2024\/06\/11\/verkiezingen\/","name":"Verkiezingen! - De Leeghemse Avonturen","description":"\"Ik ben in de stemming\" Zondag 9 juni 2024. Tweede dag van de Batjes in onze geliefde gemeente \u00e9n Vaderkesdag. Bovendien...op een zeldzaam mooie zonnige dag, al stond er wel een venijnig windje zo werd ons gezegd op het wijnterras van het Davidsfonds. Dat mochten we zelf na drie uur in de namiddag wel ondervinden.","inLanguage":"nl-BE","isPartOf":{"@id":"https:\/\/legavo.be\/#website"},"breadcrumb":{"@id":"https:\/\/legavo.be\/index.php\/2024\/06\/11\/verkiezingen\/#breadcrumblist"},"author":{"@id":"https:\/\/legavo.be\/index.php\/author\/erik-den-hert\/#author"},"creator":{"@id":"https:\/\/legavo.be\/index.php\/author\/erik-den-hert\/#author"},"image":{"@type":"ImageObject","url":"https:\/\/legavo.be\/wp-content\/uploads\/2024\/06\/stemhokje2.jpg","@id":"https:\/\/legavo.be\/index.php\/2024\/06\/11\/verkiezingen\/#mainImage","width":1288,"height":726},"primaryImageOfPage":{"@id":"https:\/\/legavo.be\/index.php\/2024\/06\/11\/verkiezingen\/#mainImage"},"datePublished":"2024-06-11T11:17:32+02:00","dateModified":"2024-06-11T11:20:38+02:00"},{"@type":"WebSite","@id":"https:\/\/legavo.be\/#website","url":"https:\/\/legavo.be\/","name":"De Leeghemse Avonturen","description":"Het platteland dat het mijne is (Kezelbergroute)","inLanguage":"nl-BE","publisher":{"@id":"https:\/\/legavo.be\/#person"}}]},"og:locale":"nl_BE","og:site_name":"De Leeghemse Avonturen - Het platteland dat het mijne is (Kezelbergroute)","og:type":"article","og:title":"Verkiezingen! - De Leeghemse Avonturen","og:description":"&quot;Ik ben in de stemming&quot; Zondag 9 juni 2024. Tweede dag van de Batjes in onze geliefde gemeente \u00e9n Vaderkesdag. Bovendien...op een zeldzaam mooie zonnige dag, al stond er wel een venijnig windje zo werd ons gezegd op het wijnterras van het Davidsfonds. Dat mochten we zelf na drie uur in de namiddag wel ondervinden.","og:url":"https:\/\/legavo.be\/index.php\/2024\/06\/11\/verkiezingen\/","og:image":"https:\/\/legavo.be\/wp-content\/uploads\/2024\/01\/cropped-LegavoLogo-5.png","og:image:secure_url":"https:\/\/legavo.be\/wp-content\/uploads\/2024\/01\/cropped-LegavoLogo-5.png","article:published_time":"2024-06-11T09:17:32+00:00","article:modified_time":"2024-06-11T09:20:38+00:00","article:publisher":"https:\/\/www.facebook.com\/profile.php?id=100090896047233","twitter:card":"summary_large_image","twitter:title":"Verkiezingen! - De Leeghemse Avonturen","twitter:description":"&quot;Ik ben in de stemming&quot; Zondag 9 juni 2024. Tweede dag van de Batjes in onze geliefde gemeente \u00e9n Vaderkesdag. Bovendien...op een zeldzaam mooie zonnige dag, al stond er wel een venijnig windje zo werd ons gezegd op het wijnterras van het Davidsfonds. Dat mochten we zelf na drie uur in de namiddag wel ondervinden.","twitter:image":"https:\/\/legavo.be\/wp-content\/uploads\/2024\/01\/cropped-LegavoLogo-5.png"},"aioseo_meta_data":{"post_id":"993","title":null,"description":null,"keywords":null,"keyphrases":{"focus":{"keyphrase":"","score":0,"analysis":{"keyphraseInTitle":{"score":0,"maxScore":9,"error":1}}},"additional":[]},"primary_term":null,"canonical_url":null,"og_title":null,"og_description":null,"og_object_type":"default","og_image_type":"default","og_image_url":null,"og_image_width":null,"og_image_height":null,"og_image_custom_url":null,"og_image_custom_fields":null,"og_video":"","og_custom_url":null,"og_article_section":null,"og_article_tags":null,"twitter_use_og":false,"twitter_card":"default","twitter_image_type":"default","twitter_image_url":null,"twitter_image_custom_url":null,"twitter_image_custom_fields":null,"twitter_title":null,"twitter_description":null,"schema":{"blockGraphs":[],"customGraphs":[],"default":{"data":{"Article":[],"Course":[],"Dataset":[],"FAQPage":[],"Movie":[],"Person":[],"Product":[],"ProductReview":[],"Car":[],"Recipe":[],"Service":[],"SoftwareApplication":[],"WebPage":[]},"graphName":"BlogPosting","isEnabled":true},"graphs":[]},"schema_type":"default","schema_type_options":null,"pillar_content":false,"robots_default":true,"robots_noindex":false,"robots_noarchive":false,"robots_nosnippet":false,"robots_nofollow":false,"robots_noimageindex":false,"robots_noodp":false,"robots_notranslate":false,"robots_max_snippet":"-1","robots_max_videopreview":"-1","robots_max_imagepreview":"large","priority":null,"frequency":"default","local_seo":null,"breadcrumb_settings":null,"limit_modified_date":false,"ai":null,"created":"2024-06-10 17:01:03","updated":"2025-06-05 18:20:27","seo_analyzer_scan_date":null,"focus_keyword":null,"additional_keywords":null,"truseo_locale":null},"aioseo_breadcrumb":"<div class=\"aioseo-breadcrumbs\"><span class=\"aioseo-breadcrumb\">\n\t\t\t<a href=\"https:\/\/legavo.be\" title=\"Home\">Home<\/a>\n\t\t<\/span><span class=\"aioseo-breadcrumb-separator\">&raquo;<\/span><span class=\"aioseo-breadcrumb\">\n\t\t\t<a href=\"https:\/\/legavo.be\/index.php\/category\/cafepraat\/\" title=\"Caf\u00e9praat\">Caf\u00e9praat<\/a>\n\t\t<\/span><span class=\"aioseo-breadcrumb-separator\">&raquo;<\/span><span class=\"aioseo-breadcrumb\">\n\t\t\tVerkiezingen!\n\t\t<\/span><\/div>","aioseo_breadcrumb_json":[{"label":"Home","link":"https:\/\/legavo.be"},{"label":"Caf\u00e9praat","link":"https:\/\/legavo.be\/index.php\/category\/cafepraat\/"},{"label":"Verkiezingen!","link":"https:\/\/legavo.be\/index.php\/2024\/06\/11\/verkiezingen\/"}],"_links":{"self":[{"href":"https:\/\/legavo.be\/index.php\/wp-json\/wp\/v2\/posts\/993","targetHints":{"allow":["GET"]}}],"collection":[{"href":"https:\/\/legavo.be\/index.php\/wp-json\/wp\/v2\/posts"}],"about":[{"href":"https:\/\/legavo.be\/index.php\/wp-json\/wp\/v2\/types\/post"}],"author":[{"embeddable":true,"href":"https:\/\/legavo.be\/index.php\/wp-json\/wp\/v2\/users\/2"}],"replies":[{"embeddable":true,"href":"https:\/\/legavo.be\/index.php\/wp-json\/wp\/v2\/comments?post=993"}],"version-history":[{"count":5,"href":"https:\/\/legavo.be\/index.php\/wp-json\/wp\/v2\/posts\/993\/revisions"}],"predecessor-version":[{"id":1000,"href":"https:\/\/legavo.be\/index.php\/wp-json\/wp\/v2\/posts\/993\/revisions\/1000"}],"wp:featuredmedia":[{"embeddable":true,"href":"https:\/\/legavo.be\/index.php\/wp-json\/wp\/v2\/media\/994"}],"wp:attachment":[{"href":"https:\/\/legavo.be\/index.php\/wp-json\/wp\/v2\/media?parent=993"}],"wp:term":[{"taxonomy":"category","embeddable":true,"href":"https:\/\/legavo.be\/index.php\/wp-json\/wp\/v2\/categories?post=993"},{"taxonomy":"post_tag","embeddable":true,"href":"https:\/\/legavo.be\/index.php\/wp-json\/wp\/v2\/tags?post=993"}],"curies":[{"name":"wp","href":"https:\/\/api.w.org\/{rel}","templated":true}]}}